{"id":1927,"date":"2024-10-28T12:11:41","date_gmt":"2024-10-28T11:11:41","guid":{"rendered":"http:\/\/bagiliba.fr\/?p=1927"},"modified":"2024-10-28T12:11:51","modified_gmt":"2024-10-28T11:11:51","slug":"thomas-morel-photographe","status":"publish","type":"post","link":"http:\/\/bagiliba.fr\/index.php\/2024\/10\/28\/thomas-morel-photographe\/","title":{"rendered":"THOMAS MOREL PHOTOGRAPHE"},"content":{"rendered":"\n<figure class=\"wp-block-gallery columns-1 is-cropped\"><ul class=\"blocks-gallery-grid\"><li class=\"blocks-gallery-item\"><figure><img loading=\"lazy\" width=\"711\" height=\"895\" src=\"http:\/\/bagiliba.fr\/wp-content\/uploads\/2024\/10\/Capture-decran-2024-10-28-120818-1.png\" alt=\"\" data-id=\"1930\" data-full-url=\"http:\/\/bagiliba.fr\/wp-content\/uploads\/2024\/10\/Capture-decran-2024-10-28-120818-1.png\" data-link=\"http:\/\/bagiliba.fr\/?attachment_id=1930\" class=\"wp-image-1930\" srcset=\"http:\/\/bagiliba.fr\/wp-content\/uploads\/2024\/10\/Capture-decran-2024-10-28-120818-1.png 711w, http:\/\/bagiliba.fr\/wp-content\/uploads\/2024\/10\/Capture-decran-2024-10-28-120818-1-238x300.png 238w\" sizes=\"(max-width: 711px) 100vw, 711px\" \/><\/figure><\/li><\/ul><\/figure>\n\n\n\n<p class=\"has-text-align-center\"><strong>THOMAS MOREL <\/strong><\/p>\n\n\n\n<p class=\"has-text-align-center\"><strong>\u201cAmeseginalehu\u00a0\u00bb : La vall\u00e9e de l&rsquo;Omo en Portraits\u201d <\/strong><\/p>\n\n\n\n<p class=\"has-text-align-center\">En juillet 2016, un Petit Fut\u00e9 en poche et mon sac sur le dos, je d\u00e9cide de partir en voyage direction l\u2019Ethiopie et plus pr\u00e9cis\u00e9ment, la vall\u00e9e de l\u2019Omo. Situ\u00e9e au carrefour du Sud Soudan et du Kenya, la vall\u00e9e de l\u2019Omo est habit\u00e9e par de tr\u00e8s nombreuses ethnies, Hamers, Mursis, Dassanetchs, Karis, Surmas, Burme, etc. Apr\u00e8s quelques jours \u00e0 la fronti\u00e8re somalienne (entre Harar et Babille), j\u2019ai travers\u00e9 une grand partie du pays pour me rendre \u00e0 Arba Minch, derni\u00e8re ville avant la vall\u00e9e de l\u2019Omo. J\u2019ai eu la chance de d\u00e9couvrir cette r\u00e9gion \u00e0 moto avec Guedge, \u00e0 l\u2019\u00e9poque seul guide \u00e0 moto de la r\u00e9gion. Apr\u00e8s 950km dont 700km de pistes (Africa massage) deux semaines d\u2019aventures et d\u2019anecdotes, d\u2019injera et de khat matin, midi et soir, entre Key Afer, Jinka, Omorate et Turmi, voici les portraits que j\u2019ai eu la chance de photographier durant ce voyage.<\/p>\n\n\n\n<p><strong>Jeudi 7 <\/strong>de 10h \u00e0 18h  Salle de la Renaissance &#8211; FAYENCE <strong>VERNISSAGE \u00e0 18h<\/strong><\/p>\n\n\n\n<p><strong>Vendredi 8<\/strong> de 10h \u00e0 18h Salle de la Renaissance &#8211; FAYENCE<\/p>\n\n\n\n<p><strong>Samedi 9 <\/strong>de 10h \u00e0 18h Salle de la Renaissance &#8211; FAYENCE<\/p>\n\n\n\n<p><strong>Dimanche 10<\/strong> de 10h \u00e0 17h March\u00e9 d\u2019ailleurs &#8211; Espace Culturel &#8211; FAYENCE<\/p>\n\n\n\n<figure class=\"wp-block-image size-large\"><img loading=\"lazy\" width=\"236\" height=\"276\" src=\"http:\/\/bagiliba.fr\/wp-content\/uploads\/2024\/10\/unnamed.jpg\" alt=\"\" class=\"wp-image-1928\"\/><\/figure>\n","protected":false},"excerpt":{"rendered":"<p>THOMAS MOREL \u201cAmeseginalehu\u00a0\u00bb : La vall\u00e9e de l&rsquo;Omo en Portraits\u201d En juillet 2016, un Petit Fut\u00e9 en poche et mon sac sur le dos, je d\u00e9cide de partir en voyage direction l\u2019Ethiopie et plus pr\u00e9cis\u00e9ment, la vall\u00e9e de l\u2019Omo. Situ\u00e9e au carrefour du Sud Soudan et du Kenya, la vall\u00e9e de l\u2019Omo est habit\u00e9e par&hellip; <a href=\"http:\/\/bagiliba.fr\/index.php\/2024\/10\/28\/thomas-morel-photographe\/\" class=\"more-link\">Lire la suite <span class=\"screen-reader-text\">THOMAS MOREL PHOTOGRAPHE<\/span><\/a><\/p>\n","protected":false},"author":1,"featured_media":0,"comment_status":"closed","ping_status":"closed","sticky":false,"template":"","format":"standard","meta":[],"categories":[1],"tags":[],"_links":{"self":[{"href":"http:\/\/bagiliba.fr\/index.php\/wp-json\/wp\/v2\/posts\/1927"}],"collection":[{"href":"http:\/\/bagiliba.fr\/index.php\/wp-json\/wp\/v2\/posts"}],"about":[{"href":"http:\/\/bagiliba.fr\/index.php\/wp-json\/wp\/v2\/types\/post"}],"author":[{"embeddable":true,"href":"http:\/\/bagiliba.fr\/index.php\/wp-json\/wp\/v2\/users\/1"}],"replies":[{"embeddable":true,"href":"http:\/\/bagiliba.fr\/index.php\/wp-json\/wp\/v2\/comments?post=1927"}],"version-history":[{"count":1,"href":"http:\/\/bagiliba.fr\/index.php\/wp-json\/wp\/v2\/posts\/1927\/revisions"}],"predecessor-version":[{"id":1931,"href":"http:\/\/bagiliba.fr\/index.php\/wp-json\/wp\/v2\/posts\/1927\/revisions\/1931"}],"wp:attachment":[{"href":"http:\/\/bagiliba.fr\/index.php\/wp-json\/wp\/v2\/media?parent=1927"}],"wp:term":[{"taxonomy":"category","embeddable":true,"href":"http:\/\/bagiliba.fr\/index.php\/wp-json\/wp\/v2\/categories?post=1927"},{"taxonomy":"post_tag","embeddable":true,"href":"http:\/\/bagiliba.fr\/index.php\/wp-json\/wp\/v2\/tags?post=1927"}],"curies":[{"name":"wp","href":"https:\/\/api.w.org\/{rel}","templated":true}]}}