{"id":1959,"date":"2024-10-28T13:27:49","date_gmt":"2024-10-28T12:27:49","guid":{"rendered":"http:\/\/bagiliba.fr\/?p=1959"},"modified":"2024-10-28T13:28:45","modified_gmt":"2024-10-28T12:28:45","slug":"contes-par-allassane-sidibe","status":"publish","type":"post","link":"http:\/\/bagiliba.fr\/index.php\/2024\/10\/28\/contes-par-allassane-sidibe\/","title":{"rendered":"Contes par Allassane Sidib\u00e9"},"content":{"rendered":"\n<p class=\"has-text-align-center\">Allassane Sidib\u00e9 est n\u00e9 dans un quartier populaire et multiculturel de Lom\u00e9 au Togo. Il est fondateur de GABITE Maison de l\u2019Oralit\u00e9, un centre de ressource et de formation autour de l\u2019oralit\u00e9 et des arts du r\u00e9cit \u00e0 Lom\u00e9.<\/p>\n\n\n\n<div class=\"wp-block-image\"><figure class=\"aligncenter size-large is-resized\"><img loading=\"lazy\" src=\"http:\/\/bagiliba.fr\/wp-content\/uploads\/2024\/10\/Capture-decran-2024-10-28-131819.png\" alt=\"\" class=\"wp-image-1960\" width=\"155\" height=\"222\" srcset=\"http:\/\/bagiliba.fr\/wp-content\/uploads\/2024\/10\/Capture-decran-2024-10-28-131819.png 274w, http:\/\/bagiliba.fr\/wp-content\/uploads\/2024\/10\/Capture-decran-2024-10-28-131819-209x300.png 209w\" sizes=\"(max-width: 155px) 100vw, 155px\" \/><\/figure><\/div>\n\n\n\n<p class=\"has-vivid-cyan-blue-background-color has-background has-medium-font-size\"><strong>SAMEDI 9 NOVEMBRE<\/strong><\/p>\n\n\n\n<p class=\"has-medium-font-size\">M\u00e9diath\u00e8que de Tourrettes<\/p>\n\n\n\n<p class=\"has-normal-font-size\"><strong>14h-15h30<\/strong> : <strong>Atelier \u201cEveil de l\u2019imaginaire\u201d<\/strong> Pour les enfants de 7 \u00e0 12 ans<\/p>\n\n\n\n<p class=\"has-normal-font-size\"><strong>16h <\/strong>: <strong>Contes et l\u00e9gendes du Togo<\/strong> (\u00e0 partir de 5 ans)<\/p>\n\n\n\n<p class=\"has-normal-font-size\"><strong>Voyage \u00e0 travers l&rsquo;imaginaire d&rsquo;un peuple, les sagesses et merveilles du Togo dans vos oreilles.\u201d <\/strong>Le Togo en r\u00e9cits au temps o\u00f9 le temps ne se comptait pas dans le temps. Histoires d&rsquo;animaux, mais aussi des hommes et femmes qui font le monde. \u00ab Sous les ailes du conte, le Togo partage son sourire avec vous \u00bb.<\/p>\n\n\n\n<p><em>Dur\u00e9e 45 mn \/ Participation libre<\/em><\/p>\n\n\n\n<p class=\"has-vivid-cyan-blue-background-color has-background has-medium-font-size\"><strong>DIMANCHE 10 NOVEMBRE<\/strong><\/p>\n\n\n\n<p class=\"has-medium-font-size\">Espace Culturel de Fayence<\/p>\n\n\n\n<p class=\"has-normal-font-size\"><strong>16h30<\/strong> : <strong>Spectacle de contes \u201cD\u00e9vi-D\u00e9vi\u201d<\/strong> (\u00e0 partir de 5 ans)<\/p>\n\n\n\n<p>Dans ce spectacle D\u00e9vi-D\u00e9vi, le jeune public est invit\u00e9 \u00e0 voyager dans les savanes africaines o\u00f9 r\u00e8gnent en maitre absolu le lion. L\u00e0-bas, les plus forts pensent avoir toujours raison mais c\u2019est sans compter sur des strat\u00e8ges comme le li\u00e8vre, l\u2019araignee ou la tortue. Dans nos savanes, hommes et animaux se c\u00f4toient et parlent le m\u00eame langage : la diversit\u00e9. \u00ab D\u00e9vi-D\u00e9vi \u00bb, c\u2019est un spectacle pour : rire, avoir peur, r\u00eaver, r\u00e9fl\u00e9chir et d\u00e9couvrir d\u2019autres mondes.<\/p>\n\n\n\n<p><em>Dur\u00e9e : 45 minutes \/ Participation libre<\/em><\/p>\n","protected":false},"excerpt":{"rendered":"<p>Allassane Sidib\u00e9 est n\u00e9 dans un quartier populaire et multiculturel de Lom\u00e9 au Togo. Il est fondateur de GABITE Maison de l\u2019Oralit\u00e9, un centre de ressource et de formation autour de l\u2019oralit\u00e9 et des arts du r\u00e9cit \u00e0 Lom\u00e9. SAMEDI 9 NOVEMBRE M\u00e9diath\u00e8que de Tourrettes 14h-15h30 : Atelier \u201cEveil de l\u2019imaginaire\u201d Pour les enfants de&hellip; <a href=\"http:\/\/bagiliba.fr\/index.php\/2024\/10\/28\/contes-par-allassane-sidibe\/\" class=\"more-link\">Lire la suite <span class=\"screen-reader-text\">Contes par Allassane Sidib\u00e9<\/span><\/a><\/p>\n","protected":false},"author":1,"featured_media":0,"comment_status":"closed","ping_status":"closed","sticky":false,"template":"","format":"standard","meta":[],"categories":[1],"tags":[],"_links":{"self":[{"href":"http:\/\/bagiliba.fr\/index.php\/wp-json\/wp\/v2\/posts\/1959"}],"collection":[{"href":"http:\/\/bagiliba.fr\/index.php\/wp-json\/wp\/v2\/posts"}],"about":[{"href":"http:\/\/bagiliba.fr\/index.php\/wp-json\/wp\/v2\/types\/post"}],"author":[{"embeddable":true,"href":"http:\/\/bagiliba.fr\/index.php\/wp-json\/wp\/v2\/users\/1"}],"replies":[{"embeddable":true,"href":"http:\/\/bagiliba.fr\/index.php\/wp-json\/wp\/v2\/comments?post=1959"}],"version-history":[{"count":2,"href":"http:\/\/bagiliba.fr\/index.php\/wp-json\/wp\/v2\/posts\/1959\/revisions"}],"predecessor-version":[{"id":1963,"href":"http:\/\/bagiliba.fr\/index.php\/wp-json\/wp\/v2\/posts\/1959\/revisions\/1963"}],"wp:attachment":[{"href":"http:\/\/bagiliba.fr\/index.php\/wp-json\/wp\/v2\/media?parent=1959"}],"wp:term":[{"taxonomy":"category","embeddable":true,"href":"http:\/\/bagiliba.fr\/index.php\/wp-json\/wp\/v2\/categories?post=1959"},{"taxonomy":"post_tag","embeddable":true,"href":"http:\/\/bagiliba.fr\/index.php\/wp-json\/wp\/v2\/tags?post=1959"}],"curies":[{"name":"wp","href":"https:\/\/api.w.org\/{rel}","templated":true}]}}